{"id":840,"date":"2020-11-27T06:27:50","date_gmt":"2020-11-27T05:27:50","guid":{"rendered":"https:\/\/labourseades.fr\/?p=840"},"modified":"2020-11-27T06:27:50","modified_gmt":"2020-11-27T05:27:50","slug":"cyberconv-2-0-bad","status":"publish","type":"post","link":"https:\/\/labourseades.fr\/index.php\/2020\/11\/27\/cyberconv-2-0-bad\/","title":{"rendered":"CyberConv 2.0 \/ BaD"},"content":{"rendered":"\n<p>La Bourse \u00e0 D\u00e9s est heureuse de vous annoncer que nous participerons ce week-end \u00e0 la <a href=\"https:\/\/www.facebook.com\/cyberconv\/?__cft__[0]=AZUJJyHuszePiVQE2O7mpC0DIbqXEpZmW6UE-mMLVX0GK2FYiZPAZNhYfpBh8qZwl58frpdt2pYWQ9clBaLWZ38Z5qkdznXTxdM6EtYcq38C9zOI6E6QiiUyXkZNPVzQx8yTh-LjX4ejecSsG58Bid941-IrnUbTI7BXLJIfpfr86FTStjtFR3AepIafkojmjSo&amp;__tn__=kK-R\">Cyber Conv<\/a> 2.0 ! <img loading=\"lazy\" decoding=\"async\" width=\"16\" height=\"16\" alt=\"\ud83d\ude42\" src=\"https:\/\/static.xx.fbcdn.net\/images\/emoji.php\/v9\/t4c\/1\/16\/1f642.png\"><\/p>\n\n\n\n<p>La CyberConv c&#8217;est un \u00e9v\u00e9nement qui r\u00e9unit les r\u00f4listes et les cr\u00e9atifs sur internet via Discord et Twitch. Du 27 novembre 13h au 29 novembre 00h vous pourrez participer \u00e0 cet \u00e9v\u00e9nement en restant en pyjama chez vous.<\/p>\n\n\n\n<p>Pendant le week-end vous aurez l&#8217;occasion d&#8217;assister \u00e0 des tables rondes, des lives, des interviews. Vous pourrez \u00e9galement discuter avec des m\u00e9dias, des auteurs.trices ou des \u00e9diteurs du monde r\u00f4liste directement sur Discord. Il y aura aussi tout une ribambelle de Grandeur Nature et de parties de Jeu de r\u00f4le o\u00f9 vous pourrez vous inscrire.Pour finir, vous pourrez passer nous voir sur notre stand ! <\/p>\n\n\n\n<p>Nous serons pr\u00e9sents en permanence, sauf de 2h \u00e0 10h du matin, il faut qu&#8217;on dorme. Nous vous proposerons des quizz, des d\u00e9fis et aussi un concours de dessin de carte g\u00e9ographique ! Le th\u00e8me de la CyberConv cette ann\u00e9e est le voyage, alors n&#8217;h\u00e9sitez pas \u00e0 faire \u00e9tape chez nous ce week-end <img loading=\"lazy\" decoding=\"async\" width=\"16\" height=\"16\" alt=\"\ud83d\ude09\" src=\"https:\/\/static.xx.fbcdn.net\/images\/emoji.php\/v9\/t57\/1\/16\/1f609.png\"><\/p>\n\n\n\n<p>Retrouvez le programme ici : <a href=\"https:\/\/cyberconv.com\/?fbclid=IwAR3bx2DGM9Qh0hqnSELdlfSY9ZflrLsG7twq3jxyOxM9Cv1yWelsVmN6jA8\" rel=\"noreferrer noopener\" target=\"_blank\">https:\/\/cyberconv.com\/<\/a><\/p>\n\n\n\n<figure class=\"wp-block-image size-large\"><img loading=\"lazy\" decoding=\"async\" width=\"721\" height=\"1024\" src=\"https:\/\/labourseades.fr\/wordpress\/wp-content\/uploads\/2020\/11\/CyberConv2.0-Affiche-1-721x1024.png\" alt=\"\" class=\"wp-image-842\" srcset=\"https:\/\/labourseades.fr\/wordpress\/wp-content\/uploads\/2020\/11\/CyberConv2.0-Affiche-1-721x1024.png 721w, https:\/\/labourseades.fr\/wordpress\/wp-content\/uploads\/2020\/11\/CyberConv2.0-Affiche-1-211x300.png 211w, https:\/\/labourseades.fr\/wordpress\/wp-content\/uploads\/2020\/11\/CyberConv2.0-Affiche-1-768x1090.png 768w, https:\/\/labourseades.fr\/wordpress\/wp-content\/uploads\/2020\/11\/CyberConv2.0-Affiche-1-1082x1536.png 1082w, https:\/\/labourseades.fr\/wordpress\/wp-content\/uploads\/2020\/11\/CyberConv2.0-Affiche-1.png 1426w\" sizes=\"(max-width: 721px) 100vw, 721px\" \/><\/figure>\n","protected":false},"excerpt":{"rendered":"<p>La Bourse \u00e0 D\u00e9s est heureuse de vous annoncer que nous participerons ce week-end \u00e0 la Cyber Conv 2.0 !<\/p>\n","protected":false},"author":2,"featured_media":841,"comment_status":"open","ping_status":"closed","sticky":false,"template":"","format":"standard","meta":{"footnotes":""},"categories":[3,5],"tags":[23,24,31,40],"aioseo_notices":[],"_links":{"self":[{"href":"https:\/\/labourseades.fr\/index.php\/wp-json\/wp\/v2\/posts\/840"}],"collection":[{"href":"https:\/\/labourseades.fr\/index.php\/wp-json\/wp\/v2\/posts"}],"about":[{"href":"https:\/\/labourseades.fr\/index.php\/wp-json\/wp\/v2\/types\/post"}],"author":[{"embeddable":true,"href":"https:\/\/labourseades.fr\/index.php\/wp-json\/wp\/v2\/users\/2"}],"replies":[{"embeddable":true,"href":"https:\/\/labourseades.fr\/index.php\/wp-json\/wp\/v2\/comments?post=840"}],"version-history":[{"count":1,"href":"https:\/\/labourseades.fr\/index.php\/wp-json\/wp\/v2\/posts\/840\/revisions"}],"predecessor-version":[{"id":843,"href":"https:\/\/labourseades.fr\/index.php\/wp-json\/wp\/v2\/posts\/840\/revisions\/843"}],"wp:featuredmedia":[{"embeddable":true,"href":"https:\/\/labourseades.fr\/index.php\/wp-json\/wp\/v2\/media\/841"}],"wp:attachment":[{"href":"https:\/\/labourseades.fr\/index.php\/wp-json\/wp\/v2\/media?parent=840"}],"wp:term":[{"taxonomy":"category","embeddable":true,"href":"https:\/\/labourseades.fr\/index.php\/wp-json\/wp\/v2\/categories?post=840"},{"taxonomy":"post_tag","embeddable":true,"href":"https:\/\/labourseades.fr\/index.php\/wp-json\/wp\/v2\/tags?post=840"}],"curies":[{"name":"wp","href":"https:\/\/api.w.org\/{rel}","templated":true}]}}