{"id":673,"date":"2020-09-07T03:37:52","date_gmt":"2020-09-07T01:37:52","guid":{"rendered":"https:\/\/labourseades.fr\/?p=673"},"modified":"2020-09-07T03:37:52","modified_gmt":"2020-09-07T01:37:52","slug":"assemblee-generale-2020","status":"publish","type":"post","link":"https:\/\/labourseades.fr\/index.php\/2020\/09\/07\/assemblee-generale-2020\/","title":{"rendered":"Assembl\u00e9e g\u00e9n\u00e9rale 2020"},"content":{"rendered":"\n<p>La Bourse \u00e0 D\u00e9s entame une nouvelle ann\u00e9e associative avec son assembl\u00e9e g\u00e9n\u00e9rale !<\/p>\n\n\n\n<p>Vous pouvez retrouver les d\u00e9tails sur <a href=\"https:\/\/www.facebook.com\/events\/619576742034036\">notre \u00e9v\u00e9nement Facebook<\/a>. Ce sera pour nous l&#8217;occasion de faire le bilan de l&#8217;ann\u00e9e \u00e9coul\u00e9, d&#8217;accueillir les nouveaux membres et b\u00e9n\u00e9voles, d&#8217;\u00e9lire un nouveau Conseil d&#8217;Administration et un nouveau Bureau et d&#8217;annoncer les projets de l&#8217;association pour 2021 !<\/p>\n\n\n\n<p>Si vous \u00eates curieux, vous pourrez aussi en apprendre plus sur le Festival d&#8217;Ultavia qui arrive tr\u00e8s vite \ud83d\ude09<\/p>\n\n\n\n<p>N&#8217;h\u00e9sitez pas \u00e0 nous rejoindre au Parc de Blossac (ou \u00e0 la Taverne du Geek si il pleut) pour cette nouvelle ann\u00e9e associative. C&#8217;est un \u00e9v\u00e9nement enti\u00e8rement public et sans obligation d&#8217;engagement, vous pouvez venir pour juste jeter un oeil. <\/p>\n\n\n\n<p>Les <strong>associations partenaires<\/strong> ou voulant collaborer avec nous sont les bienvenues pour se pr\u00e9senter et nouer des liens !<\/p>\n\n\n\n<p>De m\u00eame, si vous voulez vous engager en tant que <strong>b\u00e9n\u00e9vole<\/strong>, c&#8217;est l&#8217;occasion parfaite pour faire connaissance avec les membres et le statut de l&#8217;association.<\/p>\n\n\n\n<figure class=\"wp-block-image size-large\"><img loading=\"lazy\" decoding=\"async\" width=\"734\" height=\"1024\" src=\"https:\/\/labourseades.fr\/wordpress\/wp-content\/uploads\/2020\/09\/Recherche-b\u00e9n\u00e9voles-734x1024.png\" alt=\"\" class=\"wp-image-675\" srcset=\"https:\/\/labourseades.fr\/wordpress\/wp-content\/uploads\/2020\/09\/Recherche-b\u00e9n\u00e9voles-734x1024.png 734w, https:\/\/labourseades.fr\/wordpress\/wp-content\/uploads\/2020\/09\/Recherche-b\u00e9n\u00e9voles-215x300.png 215w, https:\/\/labourseades.fr\/wordpress\/wp-content\/uploads\/2020\/09\/Recherche-b\u00e9n\u00e9voles-768x1071.png 768w, https:\/\/labourseades.fr\/wordpress\/wp-content\/uploads\/2020\/09\/Recherche-b\u00e9n\u00e9voles-1102x1536.png 1102w, https:\/\/labourseades.fr\/wordpress\/wp-content\/uploads\/2020\/09\/Recherche-b\u00e9n\u00e9voles-1469x2048.png 1469w\" sizes=\"(max-width: 734px) 100vw, 734px\" \/><\/figure>\n","protected":false},"excerpt":{"rendered":"<p>La Bourse \u00e0 D\u00e9s entame une nouvelle ann\u00e9e associative avec son assembl\u00e9e g\u00e9n\u00e9rale ! Vous pouvez retrouver les d\u00e9tails sur<\/p>\n","protected":false},"author":2,"featured_media":674,"comment_status":"open","ping_status":"closed","sticky":false,"template":"","format":"standard","meta":{"footnotes":""},"categories":[3],"tags":[],"aioseo_notices":[],"_links":{"self":[{"href":"https:\/\/labourseades.fr\/index.php\/wp-json\/wp\/v2\/posts\/673"}],"collection":[{"href":"https:\/\/labourseades.fr\/index.php\/wp-json\/wp\/v2\/posts"}],"about":[{"href":"https:\/\/labourseades.fr\/index.php\/wp-json\/wp\/v2\/types\/post"}],"author":[{"embeddable":true,"href":"https:\/\/labourseades.fr\/index.php\/wp-json\/wp\/v2\/users\/2"}],"replies":[{"embeddable":true,"href":"https:\/\/labourseades.fr\/index.php\/wp-json\/wp\/v2\/comments?post=673"}],"version-history":[{"count":1,"href":"https:\/\/labourseades.fr\/index.php\/wp-json\/wp\/v2\/posts\/673\/revisions"}],"predecessor-version":[{"id":676,"href":"https:\/\/labourseades.fr\/index.php\/wp-json\/wp\/v2\/posts\/673\/revisions\/676"}],"wp:featuredmedia":[{"embeddable":true,"href":"https:\/\/labourseades.fr\/index.php\/wp-json\/wp\/v2\/media\/674"}],"wp:attachment":[{"href":"https:\/\/labourseades.fr\/index.php\/wp-json\/wp\/v2\/media?parent=673"}],"wp:term":[{"taxonomy":"category","embeddable":true,"href":"https:\/\/labourseades.fr\/index.php\/wp-json\/wp\/v2\/categories?post=673"},{"taxonomy":"post_tag","embeddable":true,"href":"https:\/\/labourseades.fr\/index.php\/wp-json\/wp\/v2\/tags?post=673"}],"curies":[{"name":"wp","href":"https:\/\/api.w.org\/{rel}","templated":true}]}}