{"id":1776,"date":"2023-08-30T10:17:43","date_gmt":"2023-08-30T08:17:43","guid":{"rendered":"https:\/\/labourseades.fr\/?p=1776"},"modified":"2023-08-30T10:17:44","modified_gmt":"2023-08-30T08:17:44","slug":"assemblee-generale-2022-2023-de-la-bourse-a-des-nouvelle-annee","status":"publish","type":"post","link":"https:\/\/labourseades.fr\/index.php\/2023\/08\/30\/assemblee-generale-2022-2023-de-la-bourse-a-des-nouvelle-annee\/","title":{"rendered":"Assembl\u00e9e g\u00e9n\u00e9rale 2022 &#8211; 2023 de La Bourse \u00e0 D\u00e9s : nouvelle ann\u00e9e !"},"content":{"rendered":"\n<p>Si vous avez rat\u00e9 l&#8217;assembl\u00e9e g\u00e9n\u00e9rale 2022 &#8211; 2023 de l&#8217;association voici les derni\u00e8res nouvelles ! Nous vous ferons un r\u00e9sum\u00e9 ici pour ne rien rater de l&#8217;assembl\u00e9e g\u00e9n\u00e9rale 2022 &#8211; 2023 de La Bourse \u00e0 D\u00e9s.<\/p>\n\n\n\n<p>Pour rappel, vous pouvez retrouver nos bilans dans la<a href=\"https:\/\/labourseades.fr\/index.php\/ressources\/\" title=\" section du site &quot;Ressources&quot;\"> section du site &#8220;Ressources&#8221;<\/a> d\u00e9di\u00e9e. L&#8217;assembl\u00e9e g\u00e9n\u00e9ral de l&#8217;association est un moment fort qui permet de faire le point sur les activit\u00e9s de l&#8217;ann\u00e9e, changer les r\u00e8gles de l&#8217;association au besoin et surtout accueillir de nouveaux\u00b7elles b\u00e9n\u00e9voles.<\/p>\n\n\n\n<h2 class=\"wp-block-heading\">Une ann\u00e9e bien remplie<\/h2>\n\n\n\n<p>L&#8217;ann\u00e9e 2022 &#8211; 2023 a \u00e9t\u00e9 riche pour l&#8217;association. Nous entrons enfin dans la p\u00e9riode &#8220;post-covid&#8221;. La pand\u00e9mie de covid-19 a remis les compteurs \u00e0 0 pour beaucoup d&#8217;associations, et le bilan fut encore plus lourd pour celles qui n&#8217;ont pas su maintenir une activit\u00e9 et un engagement pendant les confinements. Apr\u00e8s 2 ans de projets, de reprise de la communication et de recrutement La Bourse \u00e0 D\u00e9s est fi\u00e8re d&#8217;accueillir de nouvelles personnes b\u00e9n\u00e9voles dans ses rangs ! On esp\u00e8re qu&#8217;elles se plairont avec nous et pourront r\u00e9aliser leurs projets.<\/p>\n\n\n\n<p>Une assembl\u00e9e g\u00e9n\u00e9rale, ce sont aussi les bilans de l&#8217;association que vous pouvez consulter ci-dessous. Le compte-rendu final sera disponible dans notre section &#8220;Ressources&#8221;. Le bilan de la pr\u00e9sidence fait le point sur les activit\u00e9s de l&#8217;association et ses partenariats externes. Celui de la tr\u00e9sorerie fait le point sur les comptes de l&#8217;association et les ressources disponibles. Le bilan du secr\u00e9tariat, fait le point sur les relations internes de l&#8217;association et la gestion courante des dossiers, c&#8217;est \u00e0 dire toute la vie de l&#8217;association ! Enfin le bilan de communication fait le point sur la pr\u00e9sence num\u00e9rique de l&#8217;association sur les r\u00e9seaux.<\/p>\n\n\n\n<div class=\"wp-block-file\"><a id=\"wp-block-file--media-bd85baad-8291-4403-b19e-4c04024d69ed\" href=\"https:\/\/labourseades.fr\/wordpress\/wp-content\/uploads\/2023\/08\/Bilan-presidence-2022-2023.pdf\">Bilan-presidence-2022-2023<\/a><a href=\"https:\/\/labourseades.fr\/wordpress\/wp-content\/uploads\/2023\/08\/Bilan-presidence-2022-2023.pdf\" class=\"wp-block-file__button wp-element-button\" download aria-describedby=\"wp-block-file--media-bd85baad-8291-4403-b19e-4c04024d69ed\">T\u00e9l\u00e9charger<\/a><\/div>\n\n\n\n<div class=\"wp-block-file\"><a id=\"wp-block-file--media-bd85baad-8291-4403-b19e-4c04024d69ed\" href=\"https:\/\/labourseades.fr\/wordpress\/wp-content\/uploads\/2023\/08\/CR2023_Bilan_moral_tresorier.pdf\">CR2023_Bilan_moral_tr\u00e9sorier<\/a><a href=\"https:\/\/labourseades.fr\/wordpress\/wp-content\/uploads\/2023\/08\/CR2023_Bilan_moral_tresorier.pdf\" class=\"wp-block-file__button wp-element-button\" download aria-describedby=\"wp-block-file--media-bd85baad-8291-4403-b19e-4c04024d69ed\">T\u00e9l\u00e9charger<\/a><\/div>\n\n\n\n<div class=\"wp-block-file\"><a id=\"wp-block-file--media-bd85baad-8291-4403-b19e-4c04024d69ed\" href=\"https:\/\/labourseades.fr\/wordpress\/wp-content\/uploads\/2023\/08\/BM-SEC-20.08.23.pdf\">BM-SEC-20.08.23<\/a><a href=\"https:\/\/labourseades.fr\/wordpress\/wp-content\/uploads\/2023\/08\/BM-SEC-20.08.23.pdf\" class=\"wp-block-file__button wp-element-button\" download aria-describedby=\"wp-block-file--media-bd85baad-8291-4403-b19e-4c04024d69ed\">T\u00e9l\u00e9charger<\/a><\/div>\n\n\n\n<div class=\"wp-block-file\"><a id=\"wp-block-file--media-bd85baad-8291-4403-b19e-4c04024d69ed\" href=\"https:\/\/labourseades.fr\/wordpress\/wp-content\/uploads\/2023\/08\/Bilan-communication-LBD-2022-2023.pdf\">Bilan-communication-LBD-2022-2023<\/a><a href=\"https:\/\/labourseades.fr\/wordpress\/wp-content\/uploads\/2023\/08\/Bilan-communication-LBD-2022-2023.pdf\" class=\"wp-block-file__button wp-element-button\" download aria-describedby=\"wp-block-file--media-bd85baad-8291-4403-b19e-4c04024d69ed\">T\u00e9l\u00e9charger<\/a><\/div>\n\n\n\n<p>Pour cette ann\u00e9e 2023 &#8211; 2024 le bureau a \u00e9galement chang\u00e9 de membres, voici la nouvelle composition :<br>Pr\u00e9sidence : Hadrien Dominault<br>Secr\u00e9tariat : Saule Bellon<br>Tr\u00e9sorerie : Th\u00e9o Petit<br>Communication : Ang\u00e9lique Besnault<br>Si vous avez besoin de parler \u00e0 l&#8217;association, vous pouvez toujours le faire par mail : bourse.des@gmail.com<\/p>\n\n\n\n<h2 class=\"wp-block-heading\">Des projets plein la t\u00eate<\/h2>\n\n\n\n<p>Mais ce n&#8217;est pas tout ! L&#8217;association pr\u00e9pare encore et toujours plus d&#8217;activit\u00e9s ludiques \u00e0 faire d\u00e9couvrir au grand public. Difficile de contourner l&#8217;\u00e9l\u00e9phant dans la pi\u00e8ce : le Festival d&#8217;Ultavia approche ! Vous pouvez retrouver des d\u00e9tails sur le programme et surtout les invit\u00e9s sur <a href=\"https:\/\/www.facebook.com\/events\/3601434800086252\" title=\"la page facebook de l'\u00e9v\u00e8nement\">la page facebook de l&#8217;\u00e9v\u00e8nement<\/a>.<\/p>\n\n\n\n<figure class=\"wp-block-image aligncenter size-large\"><img loading=\"lazy\" decoding=\"async\" width=\"744\" height=\"1024\" src=\"https:\/\/labourseades.fr\/wordpress\/wp-content\/uploads\/2023\/06\/A3-Ultavia-2023-3-site-internet-744x1024.jpg\" alt=\"\" class=\"wp-image-1660\" srcset=\"https:\/\/labourseades.fr\/wordpress\/wp-content\/uploads\/2023\/06\/A3-Ultavia-2023-3-site-internet-744x1024.jpg 744w, https:\/\/labourseades.fr\/wordpress\/wp-content\/uploads\/2023\/06\/A3-Ultavia-2023-3-site-internet-218x300.jpg 218w, https:\/\/labourseades.fr\/wordpress\/wp-content\/uploads\/2023\/06\/A3-Ultavia-2023-3-site-internet-768x1058.jpg 768w, https:\/\/labourseades.fr\/wordpress\/wp-content\/uploads\/2023\/06\/A3-Ultavia-2023-3-site-internet.jpg 1069w\" sizes=\"(max-width: 744px) 100vw, 744px\" \/><\/figure>\n\n\n\n<p>L&#8217;association reprends le mois de septembre tr\u00e8s fort avec pas moins de 8 animations programm\u00e9es, en plus des <a href=\"https:\/\/labourseades.fr\/index.php\/nos-permanences\/\" title=\"permanences jeux de r\u00f4le\">permanences jeux de r\u00f4le<\/a> qui elles aussi vont reprendre d\u00e8s le lundi 4 septembre.<\/p>\n\n\n\n<p>On esp\u00e8re donc vous voir nombreuses et nombreux au sein des activit\u00e9s de l&#8217;association, \u00e0 bient\u00f4t !<\/p>\n","protected":false},"excerpt":{"rendered":"<p>Si vous avez rat\u00e9 l&#8217;assembl\u00e9e g\u00e9n\u00e9rale 2022 &#8211; 2023 de l&#8217;association voici les derni\u00e8res nouvelles ! Nous vous ferons un<\/p>\n","protected":false},"author":2,"featured_media":1777,"comment_status":"open","ping_status":"closed","sticky":false,"template":"","format":"standard","meta":{"footnotes":""},"categories":[3,6],"tags":[31,12,19,13],"aioseo_notices":[],"_links":{"self":[{"href":"https:\/\/labourseades.fr\/index.php\/wp-json\/wp\/v2\/posts\/1776"}],"collection":[{"href":"https:\/\/labourseades.fr\/index.php\/wp-json\/wp\/v2\/posts"}],"about":[{"href":"https:\/\/labourseades.fr\/index.php\/wp-json\/wp\/v2\/types\/post"}],"author":[{"embeddable":true,"href":"https:\/\/labourseades.fr\/index.php\/wp-json\/wp\/v2\/users\/2"}],"replies":[{"embeddable":true,"href":"https:\/\/labourseades.fr\/index.php\/wp-json\/wp\/v2\/comments?post=1776"}],"version-history":[{"count":1,"href":"https:\/\/labourseades.fr\/index.php\/wp-json\/wp\/v2\/posts\/1776\/revisions"}],"predecessor-version":[{"id":1782,"href":"https:\/\/labourseades.fr\/index.php\/wp-json\/wp\/v2\/posts\/1776\/revisions\/1782"}],"wp:featuredmedia":[{"embeddable":true,"href":"https:\/\/labourseades.fr\/index.php\/wp-json\/wp\/v2\/media\/1777"}],"wp:attachment":[{"href":"https:\/\/labourseades.fr\/index.php\/wp-json\/wp\/v2\/media?parent=1776"}],"wp:term":[{"taxonomy":"category","embeddable":true,"href":"https:\/\/labourseades.fr\/index.php\/wp-json\/wp\/v2\/categories?post=1776"},{"taxonomy":"post_tag","embeddable":true,"href":"https:\/\/labourseades.fr\/index.php\/wp-json\/wp\/v2\/tags?post=1776"}],"curies":[{"name":"wp","href":"https:\/\/api.w.org\/{rel}","templated":true}]}}