{"id":1334,"date":"2022-08-10T11:50:13","date_gmt":"2022-08-10T09:50:13","guid":{"rendered":"https:\/\/labourseades.fr\/?p=1334"},"modified":"2022-08-10T11:50:15","modified_gmt":"2022-08-10T09:50:15","slug":"assemblee-generale-2022-rejoignez-la-bourse-a-des","status":"publish","type":"post","link":"https:\/\/labourseades.fr\/index.php\/2022\/08\/10\/assemblee-generale-2022-rejoignez-la-bourse-a-des\/","title":{"rendered":"Assembl\u00e9e g\u00e9n\u00e9rale 2022 : Rejoignez La Bourse \u00e0 D\u00e9s."},"content":{"rendered":"\n<h2 class=\"wp-block-heading\">D\u00e9j\u00e0 fini ? Non !<\/h2>\n\n\n\n<p>La Bourse \u00e0 D\u00e9s termine cet \u00e9t\u00e9 une nouvelle ann\u00e9e associative. On se retrouve une derni\u00e8re fois ce mois d&#8217;ao\u00fbt le mardi 23 \u00e0 la Maison des \u00c9tudiants pour une <a href=\"https:\/\/www.facebook.com\/events\/542402670879183\/\">apr\u00e8s-midi jeu estivale<\/a>. L&#8217;\u00e9quipe vous proposera toutes sortes de jeux de soci\u00e9t\u00e9 et notamment nos derniers achats en avant-premi\u00e8re d&#8217;Ultavia. Les animations seront destin\u00e9es aux \u00e9tudiants \u00e9trangers du campus de Poitiers qui restent l&#8217;\u00e9t\u00e9 dans la ville. L&#8217;\u00e9v\u00e8nement s&#8217;inscrit dans le <a href=\"https:\/\/www.facebook.com\/events\/542402670879183\/\">programme de l&#8217;\u00e9t\u00e9 de la MdE<\/a> qu&#8217;on vous recommande de suivre si vous \u00eates en manque d&#8217;activit\u00e9s ce mois-ci !<\/p>\n\n\n\n<figure class=\"wp-block-image aligncenter is-resized\"><img loading=\"lazy\" decoding=\"async\" src=\"https:\/\/labourseades.fr\/wordpress\/wp-content\/uploads\/2022\/08\/IMG_20210820_233204-edited-scaled.jpg\" alt=\"\" class=\"wp-image-1336\" width=\"518\" height=\"518\" srcset=\"https:\/\/labourseades.fr\/wordpress\/wp-content\/uploads\/2022\/08\/IMG_20210820_233204-edited-scaled.jpg 2560w, https:\/\/labourseades.fr\/wordpress\/wp-content\/uploads\/2022\/08\/IMG_20210820_233204-edited-300x300.jpg 300w, https:\/\/labourseades.fr\/wordpress\/wp-content\/uploads\/2022\/08\/IMG_20210820_233204-edited-1024x1024.jpg 1024w, https:\/\/labourseades.fr\/wordpress\/wp-content\/uploads\/2022\/08\/IMG_20210820_233204-edited-150x150.jpg 150w, https:\/\/labourseades.fr\/wordpress\/wp-content\/uploads\/2022\/08\/IMG_20210820_233204-edited-768x768.jpg 768w, https:\/\/labourseades.fr\/wordpress\/wp-content\/uploads\/2022\/08\/IMG_20210820_233204-edited-1536x1536.jpg 1536w, https:\/\/labourseades.fr\/wordpress\/wp-content\/uploads\/2022\/08\/IMG_20210820_233204-edited-2048x2048.jpg 2048w\" sizes=\"(max-width: 518px) 100vw, 518px\" \/><figcaption>Une petite partie de Team Up ? Jeu coop\u00e9ratif d&#8217;habilet\u00e9.<\/figcaption><\/figure>\n\n\n\n<h2 class=\"wp-block-heading\">Rassemblement des (futurs) b\u00e9n\u00e9voles<\/h2>\n\n\n\n<p><a href=\"https:\/\/www.facebook.com\/events\/809445343562958\/\">RDV au Parc de Blossac \u00e0 18h pour une nouvelle ann\u00e9e associative<\/a> !<br>Si vous souhaitez vous (r\u00e9)engager dans les domaines ludiques et culturels pour cette nouvelle ann\u00e9e associative, venez nous rencontrer <img loading=\"lazy\" decoding=\"async\" width=\"16\" height=\"16\" src=\"https:\/\/static.xx.fbcdn.net\/images\/emoji.php\/v9\/t4c\/1\/16\/1f642.png\" alt=\"\ud83d\ude42\"><br>L&#8217;engagement consiste \u00e0 animer r\u00e9guli\u00e8rement du jeu, en accueillant les gens et en leur expliquant les r\u00e8gles. M\u00eame si vous n&#8217;y connaissez rien, il suffit d&#8217;\u00eatre curieux.euses !<\/p>\n\n\n\n<p>L&#8217;association organise des permanences jeux de r\u00f4le hebdomadaires et jeux de soci\u00e9t\u00e9 mensuelles. Vous pourrez ainsi d\u00e9couvrir de nombreux nouveaux jeux, apprendre \u00e0 en animer au grand public et acqu\u00e9rir de nouvelles comp\u00e9tences gr\u00e2ce \u00e0 votre engagement (\u00e0 la fin de l&#8217;ann\u00e9e associative, une attestation des comp\u00e9tences acquises pendant l&#8217;ann\u00e9e peut vous \u00eatre d\u00e9livr\u00e9e sur demande).<\/p>\n\n\n\n<p>L&#8217;Assembl\u00e9e G\u00e9n\u00e9rale en elle-m\u00eame sera d\u00e9compos\u00e9e en plusieurs points \u00e0 l&#8217;ordre du jour ; ils seront abord\u00e9s dans cet ordre :<br>1) Fixation du montant de la cotisation annuelle dans le R\u00e8glement Int\u00e9rieur<br>2) Bilan des comptes de l&#8217;association<br>3) Bilan annuel des membres du Bureau et vote de ceux-ci<br>4) D\u00e9termination de son statut et accueil des nouveaux membres<br>5) D\u00e9mission des membres du CA et \u00e9lections du Conseil<br>d&#8217;Administration et du nouveau Bureau<br>6) Point sur le Festival<br>d&#8217;Ultavia VIII (animations pour communiquer sur l&#8217;\u00e9v\u00e9nement et planning b\u00e9n\u00e9voles)<br>7) F.A.Q.<br>8 ) Point sur les t-shirt de l&#8217;association, distribution des supports de communication \u00e0 diffuser (cartes<br>de visites, flyers et affiches) et des nouvelles cartes de membres<\/p>\n\n\n\n<p>N&#8217;h\u00e9sitez pas \u00e0 passer, m\u00eame si c&#8217;est juste pour voir, l&#8217;\u00e9v\u00e9nement est enti\u00e8rement ouvert \u00e0 tous.tes les curieux.euses <img loading=\"lazy\" decoding=\"async\" width=\"16\" height=\"16\" src=\"https:\/\/static.xx.fbcdn.net\/images\/emoji.php\/v9\/t4c\/1\/16\/1f642.png\" alt=\"\ud83d\ude42\"><\/p>\n\n\n\n<figure class=\"wp-block-image aligncenter size-large\"><img loading=\"lazy\" decoding=\"async\" width=\"1024\" height=\"532\" src=\"https:\/\/labourseades.fr\/wordpress\/wp-content\/uploads\/2022\/08\/297556133_2816677178476025_4013241177333742200_n-1024x532.jpg\" alt=\"\" class=\"wp-image-1337\" srcset=\"https:\/\/labourseades.fr\/wordpress\/wp-content\/uploads\/2022\/08\/297556133_2816677178476025_4013241177333742200_n-1024x532.jpg 1024w, https:\/\/labourseades.fr\/wordpress\/wp-content\/uploads\/2022\/08\/297556133_2816677178476025_4013241177333742200_n-300x156.jpg 300w, https:\/\/labourseades.fr\/wordpress\/wp-content\/uploads\/2022\/08\/297556133_2816677178476025_4013241177333742200_n-768x399.jpg 768w, https:\/\/labourseades.fr\/wordpress\/wp-content\/uploads\/2022\/08\/297556133_2816677178476025_4013241177333742200_n-1536x797.jpg 1536w, https:\/\/labourseades.fr\/wordpress\/wp-content\/uploads\/2022\/08\/297556133_2816677178476025_4013241177333742200_n.jpg 2048w\" sizes=\"(max-width: 1024px) 100vw, 1024px\" \/><figcaption>Envie de nous rejoindre ? RDV \u00e0 l&#8217;AG et jetez un oeil \u00e0 <a href=\"https:\/\/labourseades.fr\/index.php\/ressources\/\">notre charte des b\u00e9n\u00e9voles<\/a> pour savoir si \u00e7a vous plaira. \ud83d\ude42<\/figcaption><\/figure>\n\n\n\n<h2 class=\"wp-block-heading\">Festival ludique recherche b\u00e9n\u00e9voles pr\u00e8s de chez toi&#8230;<\/h2>\n\n\n\n<p>Avec Ultavia qui s&#8217;annonce, c&#8217;est aussi l&#8217;heure des appels aux b\u00e9n\u00e9voles ! Si vous voulez donner un coup de main \u00e0 l&#8217;association, ou si vous aimez participer \u00e0 de grands \u00e9v\u00e8nements ludiques vous pouvez devenir b\u00e9n\u00e9vole pour <a href=\"https:\/\/labourseades.fr\/index.php\/festival-dultavia\/\">le Festival d&#8217;Ultavia<\/a> qui se d\u00e9roulera<a href=\"https:\/\/www.facebook.com\/events\/439970897649840\/\"> \u00e0 la Maison des \u00e9tudiants du 23 au 25 septembre<\/a> cette ann\u00e9e. Pas besoin d&#8217;\u00eatre disponible les 3 jours, m\u00eame 4 heures de b\u00e9n\u00e9volat dans le week-end nous aideront \u00e0 faire du Festival un super moment de jeux pour tous.tes. Si vous avez envie de vous engager<a href=\"https:\/\/framaforms.org\/festival-dultavia-8-engagement-benevole-1629369281\">, vous pouvez remplir le formulaire<\/a>. Pas d&#8217;inqui\u00e9tude nous vous recontacterons pour vous proposer une session de formation (et on pourra m\u00eame vous d\u00e9livrer une attestation apr\u00e8s le Festival). Rejoignez-nous pour un super moment collectif ! \ud83d\ude42<\/p>\n\n\n\n<figure class=\"wp-block-image aligncenter size-large is-resized\"><img loading=\"lazy\" decoding=\"async\" src=\"https:\/\/labourseades.fr\/wordpress\/wp-content\/uploads\/2022\/08\/uuuu-724x1024.jpg\" alt=\"\" class=\"wp-image-1338\" width=\"543\" height=\"768\" srcset=\"https:\/\/labourseades.fr\/wordpress\/wp-content\/uploads\/2022\/08\/uuuu-724x1024.jpg 724w, https:\/\/labourseades.fr\/wordpress\/wp-content\/uploads\/2022\/08\/uuuu-212x300.jpg 212w, https:\/\/labourseades.fr\/wordpress\/wp-content\/uploads\/2022\/08\/uuuu-768x1086.jpg 768w, https:\/\/labourseades.fr\/wordpress\/wp-content\/uploads\/2022\/08\/uuuu-1086x1536.jpg 1086w, https:\/\/labourseades.fr\/wordpress\/wp-content\/uploads\/2022\/08\/uuuu.jpg 1448w\" sizes=\"(max-width: 543px) 100vw, 543px\" \/><\/figure>\n","protected":false},"excerpt":{"rendered":"<p>D\u00e9j\u00e0 fini ? Non ! La Bourse \u00e0 D\u00e9s termine cet \u00e9t\u00e9 une nouvelle ann\u00e9e associative. On se retrouve une<\/p>\n","protected":false},"author":2,"featured_media":1337,"comment_status":"open","ping_status":"closed","sticky":false,"template":"","format":"standard","meta":{"footnotes":""},"categories":[3,5,6],"tags":[11,23,21,10,40,13],"aioseo_notices":[],"_links":{"self":[{"href":"https:\/\/labourseades.fr\/index.php\/wp-json\/wp\/v2\/posts\/1334"}],"collection":[{"href":"https:\/\/labourseades.fr\/index.php\/wp-json\/wp\/v2\/posts"}],"about":[{"href":"https:\/\/labourseades.fr\/index.php\/wp-json\/wp\/v2\/types\/post"}],"author":[{"embeddable":true,"href":"https:\/\/labourseades.fr\/index.php\/wp-json\/wp\/v2\/users\/2"}],"replies":[{"embeddable":true,"href":"https:\/\/labourseades.fr\/index.php\/wp-json\/wp\/v2\/comments?post=1334"}],"version-history":[{"count":1,"href":"https:\/\/labourseades.fr\/index.php\/wp-json\/wp\/v2\/posts\/1334\/revisions"}],"predecessor-version":[{"id":1339,"href":"https:\/\/labourseades.fr\/index.php\/wp-json\/wp\/v2\/posts\/1334\/revisions\/1339"}],"wp:featuredmedia":[{"embeddable":true,"href":"https:\/\/labourseades.fr\/index.php\/wp-json\/wp\/v2\/media\/1337"}],"wp:attachment":[{"href":"https:\/\/labourseades.fr\/index.php\/wp-json\/wp\/v2\/media?parent=1334"}],"wp:term":[{"taxonomy":"category","embeddable":true,"href":"https:\/\/labourseades.fr\/index.php\/wp-json\/wp\/v2\/categories?post=1334"},{"taxonomy":"post_tag","embeddable":true,"href":"https:\/\/labourseades.fr\/index.php\/wp-json\/wp\/v2\/tags?post=1334"}],"curies":[{"name":"wp","href":"https:\/\/api.w.org\/{rel}","templated":true}]}}