{"id":1282,"date":"2022-02-23T22:38:00","date_gmt":"2022-02-23T21:38:00","guid":{"rendered":"https:\/\/labourseades.fr\/?p=1282"},"modified":"2022-02-23T22:38:01","modified_gmt":"2022-02-23T21:38:01","slug":"la-rentree-des-assos-venez-jouer","status":"publish","type":"post","link":"https:\/\/labourseades.fr\/index.php\/2022\/02\/23\/la-rentree-des-assos-venez-jouer\/","title":{"rendered":"La rentr\u00e9e des assos : venez jouer"},"content":{"rendered":"\n<p>Bonjour tout le monde, l&#8217;association entre dans 2022 sur les chapeaux de roue ! Nous avons plein d&#8217;activit\u00e9s \u00e0 venir d&#8217;ici au printemps, alors sans plus tarder nous allons vous les pr\u00e9senter. Pour suivre nos activit\u00e9s, n&#8217;oubliez pas de nous rejoindre<a href=\"https:\/\/www.facebook.com\/labourseades\" title=\" sur la page Facebook\"> sur la page Facebook<\/a> ou<a href=\"https:\/\/discord.com\/invite\/ThtqfATKym\" title=\" sur le serveur Discord\"> sur le serveur Discord<\/a> !<\/p>\n\n\n\n<h2 class=\"wp-block-heading\">Soir\u00e9e jeux &#8220;Les osselets&#8221; avec Hyper Hydre<\/h2>\n\n\n\n<p>Le collectif Hyper Hydre est un collectif artistique bas\u00e9 \u00e0 Montbernage qui travaille autour de l&#8217;\u00e9criture fictionnelle \u00e0 travers la co-construction et la radio notamment. Ils organisent un \u00e9v\u00e9nement du 25 au 26 f\u00e9vrier, &#8220;Les Osselets&#8221;, dans leur atelier &#8220;Chantier Public&#8221; autour des fictions sonores et vontconclure l&#8217;\u00e9v\u00e8nement par une partie de jeu de r\u00f4le radiodiffus\u00e9e en partenariat avec notre association. L&#8217;objectif est pour eux : &#8220;d&#8217;activer nos imaginaires et l&#8217;\u00e9criture d&#8217;une fiction collective autour d&#8217;un plateau radio, diffus\u00e9 en direct sur le web&#8221;. Nous leur ma\u00eetriserons deux parties du jeu de r\u00f4le Star Trek que vous pouvez rejoindre en vous inscrivant \u00e0 l&#8217;\u00e9v\u00e8nement !<\/p>\n\n\n\n<p>Pour ce faire <a href=\"https:\/\/hy.hyperhydre.fr\/calendrier\/les-osselets\" title=\"rendez-vous sur leur site\">rendez-vous sur leur site<\/a> (attention, \u00e7a fait tr\u00e8s tr\u00e8s mal aux yeux) ou \u00e9coutez le podcast en direct samedi 26 f\u00e9vrier au soir !<\/p>\n\n\n\n<h2 class=\"wp-block-heading\">Les FOCALE avec Animafac \u00e0 Poitiers<\/h2>\n\n\n\n<p>En raison du covid, Animafac ne peut organiser son \u00e9v\u00e8nement \u00e0 travers tout le Grand-Ouest pour la construction du r\u00e9seau associatif \u00e9tudiant. Ils proposent toutefois de faire un \u00e9v\u00e8nement moins grand \u00e0 Poitiers avec les associations de Limoges, Tours, Angoul\u00eame et&#8230; Poitiers oui vous avez devin\u00e9 ! L&#8217;association La Bourse \u00e0 D\u00e9s participera aux formations mais aussi \u00e0 l&#8217;accueil des associations. Le matin du 5 mars nous proposerons aux associations en visite de d\u00e9couvrir les lieux ludiques de la ville de Poitiers (et peut-\u00eatre m\u00eame les locaux et les jeux de Libellud !) pour conclure par une s\u00e9ance de jeux de soci\u00e9t\u00e9 au Palais. Si vous venez faire un tour \u00e0 Poitiers avec Animafac, attendez-vous \u00e0 vous amuser \ud83d\ude42 A bient\u00f4t pour <a href=\"https:\/\/www.animafac.net\/actualites\/les-focales-les-evenements-a-ne-pas-manquer-en-mars-2022\/\" title=\"les FOCALES d'animafac\">les FOCALES d&#8217;Animafac<\/a><\/p>\n\n\n\n<div class=\"wp-block-image\"><figure class=\"aligncenter size-large\"><img loading=\"lazy\" decoding=\"async\" width=\"780\" height=\"350\" src=\"https:\/\/labourseades.fr\/wordpress\/wp-content\/uploads\/2022\/02\/visuel-article-e1644325278591-3f0byvdacqsxrpcm1i3x1m.png\" alt=\"\" class=\"wp-image-1283\" srcset=\"https:\/\/labourseades.fr\/wordpress\/wp-content\/uploads\/2022\/02\/visuel-article-e1644325278591-3f0byvdacqsxrpcm1i3x1m.png 780w, https:\/\/labourseades.fr\/wordpress\/wp-content\/uploads\/2022\/02\/visuel-article-e1644325278591-3f0byvdacqsxrpcm1i3x1m-300x135.png 300w, https:\/\/labourseades.fr\/wordpress\/wp-content\/uploads\/2022\/02\/visuel-article-e1644325278591-3f0byvdacqsxrpcm1i3x1m-768x345.png 768w\" sizes=\"(max-width: 780px) 100vw, 780px\" \/><\/figure><\/div>\n\n\n\n<h2 class=\"wp-block-heading\">Journ\u00e9e asiatique avec Kadanse, association culturelle cor\u00e9enne<\/h2>\n\n\n\n<p>L&#8217;association Kadanse reviens vers nous pour nous proposer un nouveau partenariat. Pour le 2 avril, ils organisent une journ\u00e9e culturelle asiatique avec Pict&#8217;Anim \u00e0 Saint Eloi. Le programme est le suivant : &#8220;Cette journ\u00e9e sera ax\u00e9e sur des ateliers (de langues, culinaires, d\u2019arts cr\u00e9atifs, etc.), une soir\u00e9e K-pop, des d\u00e9monstrations de danse et un repas cor\u00e9en&#8221; Et nous allons bien entendu proposer des jeux autour du th\u00e8me de l&#8217;Asie et\/ou dont les auteurs.trices sont asiatiques ! Retrouvez les <a href=\"https:\/\/www.instagram.com\/kadanse._\/\" title=\"actualit\u00e9s de Kadanse sur Instagram\">actualit\u00e9s de Kadanse sur Instagram<\/a> et n&#8217;h\u00e9sitez pas \u00e0 vous inscrire pour profiter des activit\u00e9s !<\/p>\n\n\n\n<h2 class=\"wp-block-heading\">Du jeu au Palais<\/h2>\n\n\n\n<p>Apr\u00e8s discussions, le Palais veut bien que nous proposions des jeux de soci\u00e9t\u00e9 avec des th\u00e8mes en rapport avec le lieu (p\u00e9riode m\u00e9di\u00e9vale et cit\u00e9 de la justice). Nous disposerons de la salle seigneuriale (le grand hall) les dimanche 17 et mercredi 27 avril de 15h30 \u00e0 18h. Vous pourrez profiter de jeux de soci\u00e9t\u00e9 th\u00e9matis\u00e9s ainsi que d&#8217;une murder party Harry Potter pr\u00e9par\u00e9e par l&#8217;association ! Concernant l&#8217;espace ils n&#8217;ont pas beaucoup de tables et chaises mais on pourrait tout de m\u00eame accueillir 38 places assises, alors n&#8217;h\u00e9sitez pas \u00e0 venir t\u00f4t pour profiter des activit\u00e9s \ud83d\ude42 Pour deviner quels jeux seront propos\u00e9s, <a href=\"https:\/\/labourseades.fr\/index.php\/ludotheque\/\" title=\"jetez un oeil \u00e0 notre ludoth\u00e8que\">jetez un oeil \u00e0 notre ludoth\u00e8que<\/a> !<\/p>\n\n\n\n<div class=\"wp-block-image\"><figure class=\"aligncenter size-large\"><img loading=\"lazy\" decoding=\"async\" width=\"819\" height=\"1024\" src=\"https:\/\/labourseades.fr\/wordpress\/wp-content\/uploads\/2022\/02\/Pal-819x1024.jpg\" alt=\"\" class=\"wp-image-1284\" srcset=\"https:\/\/labourseades.fr\/wordpress\/wp-content\/uploads\/2022\/02\/Pal-819x1024.jpg 819w, https:\/\/labourseades.fr\/wordpress\/wp-content\/uploads\/2022\/02\/Pal-240x300.jpg 240w, https:\/\/labourseades.fr\/wordpress\/wp-content\/uploads\/2022\/02\/Pal-768x960.jpg 768w, https:\/\/labourseades.fr\/wordpress\/wp-content\/uploads\/2022\/02\/Pal-1229x1536.jpg 1229w, https:\/\/labourseades.fr\/wordpress\/wp-content\/uploads\/2022\/02\/Pal.jpg 1638w\" sizes=\"(max-width: 819px) 100vw, 819px\" \/><figcaption>Vous n&#8217;avez pas h\u00e2te de faire une murder party Harry Potter l\u00e0 ?<\/figcaption><\/figure><\/div>\n\n\n\n<h2 class=\"wp-block-heading\">Plein d&#8217;autres id\u00e9es<\/h2>\n\n\n\n<p>L&#8217;association ne compte pas s&#8217;arr\u00eater l\u00e0 ! On adorerait animer au Baffalou, au Labo de Merlin, dans un mus\u00e9e, au CGR Castille et \u00e0 plein d&#8217;autres endroits encore. Nous avons envoy\u00e9 des mails, on attends les r\u00e9ponses et on vous tiens au courant \ud83d\ude09 Soyez nombreux sur nos animations, ce sera une preuve de plus que les projets de l&#8217;association ont du sens et que le jeu \u00e0 Poitiers, c&#8217;est important !<\/p>\n","protected":false},"excerpt":{"rendered":"<p>Bonjour tout le monde, l&#8217;association entre dans 2022 sur les chapeaux de roue ! Nous avons plein d&#8217;activit\u00e9s \u00e0 venir<\/p>\n","protected":false},"author":2,"featured_media":1283,"comment_status":"open","ping_status":"closed","sticky":false,"template":"","format":"standard","meta":{"footnotes":""},"categories":[3,5],"tags":[8,10,19],"aioseo_notices":[],"_links":{"self":[{"href":"https:\/\/labourseades.fr\/index.php\/wp-json\/wp\/v2\/posts\/1282"}],"collection":[{"href":"https:\/\/labourseades.fr\/index.php\/wp-json\/wp\/v2\/posts"}],"about":[{"href":"https:\/\/labourseades.fr\/index.php\/wp-json\/wp\/v2\/types\/post"}],"author":[{"embeddable":true,"href":"https:\/\/labourseades.fr\/index.php\/wp-json\/wp\/v2\/users\/2"}],"replies":[{"embeddable":true,"href":"https:\/\/labourseades.fr\/index.php\/wp-json\/wp\/v2\/comments?post=1282"}],"version-history":[{"count":1,"href":"https:\/\/labourseades.fr\/index.php\/wp-json\/wp\/v2\/posts\/1282\/revisions"}],"predecessor-version":[{"id":1285,"href":"https:\/\/labourseades.fr\/index.php\/wp-json\/wp\/v2\/posts\/1282\/revisions\/1285"}],"wp:featuredmedia":[{"embeddable":true,"href":"https:\/\/labourseades.fr\/index.php\/wp-json\/wp\/v2\/media\/1283"}],"wp:attachment":[{"href":"https:\/\/labourseades.fr\/index.php\/wp-json\/wp\/v2\/media?parent=1282"}],"wp:term":[{"taxonomy":"category","embeddable":true,"href":"https:\/\/labourseades.fr\/index.php\/wp-json\/wp\/v2\/categories?post=1282"},{"taxonomy":"post_tag","embeddable":true,"href":"https:\/\/labourseades.fr\/index.php\/wp-json\/wp\/v2\/tags?post=1282"}],"curies":[{"name":"wp","href":"https:\/\/api.w.org\/{rel}","templated":true}]}}